{"id":3767,"date":"2026-07-24T22:22:44","date_gmt":"2026-07-24T22:22:44","guid":{"rendered":"https:\/\/xvii.ciaem-iacme.org\/?p=3767"},"modified":"2026-07-15T22:46:47","modified_gmt":"2026-07-15T22:46:47","slug":"mesa-plenaria-de-clausura-de-la-xvii-ciaem","status":"publish","type":"post","link":"https:\/\/xvii.ciaem-iacme.org\/index.php\/2026\/07\/24\/mesa-plenaria-de-clausura-de-la-xvii-ciaem\/","title":{"rendered":"Mesa plenaria de Clausura de la XVII CIAEM"},"content":{"rendered":"\n<p class=\"wp-block-paragraph\">El t\u00edtulo de esa mesa plenaria es:<\/p>\n\n\n\n<p class=\"wp-block-paragraph\"><a href=\"https:\/\/xvii.ciaem-iacme.org\/index.php\/fortalezas-oportunidades-desafios-y-amenazas-de-la-ia-generativa-en-la-educacion-matematica\/\">Fortalezas, Oportunidades, Desaf\u00edos y Amenazas de la IA generativa en la Educaci\u00f3n Matem\u00e1tica en Am\u00e9rica Latina<\/a><\/p>\n\n\n\n<p class=\"wp-block-paragraph\">Es una actividad din\u00e1mica con diversos segmentos cuidadosamente organizados para plasmar y comunicar las importantes contribuciones de estos destacados expertos internacionales.<\/p>\n\n\n\n<figure class=\"wp-block-image is-resized\"><img loading=\"lazy\" decoding=\"async\" width=\"240\" height=\"300\" src=\"https:\/\/xvii.ciaem-iacme.org\/wp-content\/uploads\/2026\/01\/Adrian-Gomez-Arciga-foto-240x300.png\" alt=\"Adri\u00e1n G\u00f3mez \u00c1rciga foto\" class=\"wp-image-1054\" style=\"width:269px;height:auto\" title=\"Adri\u00e1n G\u00f3mez \u00c1rciga foto\" srcset=\"https:\/\/xvii.ciaem-iacme.org\/wp-content\/uploads\/2026\/01\/Adrian-Gomez-Arciga-foto-240x300.png 240w, https:\/\/xvii.ciaem-iacme.org\/wp-content\/uploads\/2026\/01\/Adrian-Gomez-Arciga-foto.png 459w\" sizes=\"auto, (max-width: 240px) 100vw, 240px\" \/><\/figure>\n\n\n\n<p class=\"wp-block-paragraph\"><a href=\"https:\/\/xvii.ciaem-iacme.org\/index.php\/adrian-gomez-arciga\/\">Adri\u00e1n G\u00f3mez-\u00c1rciga<\/a><br>Coordinador cient\u00edfico<br>M\u00e9xico<\/p>\n\n\n\n<figure class=\"wp-block-image is-resized\"><img loading=\"lazy\" decoding=\"async\" width=\"246\" height=\"300\" src=\"https:\/\/xvii.ciaem-iacme.org\/wp-content\/uploads\/2026\/01\/Edwin-Chaves-Esquivel-foto-246x300.jpg\" alt=\"Edwin Chaves Esquivel foto\" class=\"wp-image-1077\" style=\"width:267px;height:auto\" title=\"Edwin Chaves Esquivel foto\" srcset=\"https:\/\/xvii.ciaem-iacme.org\/wp-content\/uploads\/2026\/01\/Edwin-Chaves-Esquivel-foto-246x300.jpg 246w, https:\/\/xvii.ciaem-iacme.org\/wp-content\/uploads\/2026\/01\/Edwin-Chaves-Esquivel-foto.jpg 493w\" sizes=\"auto, (max-width: 246px) 100vw, 246px\" \/><\/figure>\n\n\n\n<p class=\"wp-block-paragraph\"><a href=\"https:\/\/xvii.ciaem-iacme.org\/index.php\/edwin-chaves-esquivel\/\">Edwin Chaves Esquivel<\/a><br>Costa Rica<\/p>\n\n\n\n<figure class=\"wp-block-image is-resized\"><img loading=\"lazy\" decoding=\"async\" width=\"300\" height=\"300\" src=\"https:\/\/xvii.ciaem-iacme.org\/wp-content\/uploads\/2026\/03\/pedrogomezweb.png\" alt=\"pedrogomezweb\" class=\"wp-image-1901\" style=\"width:266px;height:auto\" title=\"pedrogomezweb\" srcset=\"https:\/\/xvii.ciaem-iacme.org\/wp-content\/uploads\/2026\/03\/pedrogomezweb.png 300w, https:\/\/xvii.ciaem-iacme.org\/wp-content\/uploads\/2026\/03\/pedrogomezweb-150x150.png 150w, https:\/\/xvii.ciaem-iacme.org\/wp-content\/uploads\/2026\/03\/pedrogomezweb-70x70.png 70w\" sizes=\"auto, (max-width: 300px) 100vw, 300px\" \/><\/figure>\n\n\n\n<p class=\"wp-block-paragraph\"><a href=\"https:\/\/xvii.ciaem-iacme.org\/index.php\/pedro-gomez\/\">Pedro G\u00f3mez<\/a><br>Colombia<\/p>\n\n\n\n<figure class=\"wp-block-image\"><img loading=\"lazy\" decoding=\"async\" width=\"260\" height=\"300\" src=\"https:\/\/xvii.ciaem-iacme.org\/wp-content\/uploads\/2026\/04\/Pedro-Salcedo-Lagos-foto-260x300.jpg\" alt=\"Pedro Salcedo Lagos foto\" class=\"wp-image-2188\" title=\"Pedro Salcedo Lagos foto\" srcset=\"https:\/\/xvii.ciaem-iacme.org\/wp-content\/uploads\/2026\/04\/Pedro-Salcedo-Lagos-foto-260x300.jpg 260w, https:\/\/xvii.ciaem-iacme.org\/wp-content\/uploads\/2026\/04\/Pedro-Salcedo-Lagos-foto.jpg 764w\" sizes=\"auto, (max-width: 260px) 100vw, 260px\" \/><\/figure>\n\n\n\n<p class=\"wp-block-paragraph\"><a href=\"https:\/\/xvii.ciaem-iacme.org\/index.php\/pedro-salcedo-lagos\/\">Pedro Salcedo Lagos<\/a><br>Chile<\/p>\n\n\n\n<figure class=\"wp-block-image is-resized\"><img loading=\"lazy\" decoding=\"async\" width=\"300\" height=\"300\" src=\"https:\/\/xvii.ciaem-iacme.org\/wp-content\/uploads\/2026\/01\/Adriana-Breda-foto-300x300.jpg\" alt=\"Adriana Breda foto\" class=\"wp-image-1051\" style=\"width:258px;height:auto\" title=\"Adriana Breda foto\" srcset=\"https:\/\/xvii.ciaem-iacme.org\/wp-content\/uploads\/2026\/01\/Adriana-Breda-foto-300x300.jpg 300w, https:\/\/xvii.ciaem-iacme.org\/wp-content\/uploads\/2026\/01\/Adriana-Breda-foto-150x150.jpg 150w, https:\/\/xvii.ciaem-iacme.org\/wp-content\/uploads\/2026\/01\/Adriana-Breda-foto-70x70.jpg 70w, https:\/\/xvii.ciaem-iacme.org\/wp-content\/uploads\/2026\/01\/Adriana-Breda-foto.jpg 320w\" sizes=\"auto, (max-width: 300px) 100vw, 300px\" \/><\/figure>\n\n\n\n<p class=\"wp-block-paragraph\"><a href=\"https:\/\/xvii.ciaem-iacme.org\/index.php\/adriana-breda\/\">Adriana Breda<\/a><br>Espa\u00f1a \/ Brasil<br>Comentarista<\/p>\n\n\n\n<figure class=\"wp-block-image size-large\"><img loading=\"lazy\" decoding=\"async\" width=\"1024\" height=\"687\" src=\"https:\/\/xvii.ciaem-iacme.org\/wp-content\/uploads\/2026\/07\/20260415-ponencias-abiertas-imagen-1024x687.jpg\" alt=\"\" class=\"wp-image-3750\" srcset=\"https:\/\/xvii.ciaem-iacme.org\/wp-content\/uploads\/2026\/07\/20260415-ponencias-abiertas-imagen-1024x687.jpg 1024w, https:\/\/xvii.ciaem-iacme.org\/wp-content\/uploads\/2026\/07\/20260415-ponencias-abiertas-imagen-300x201.jpg 300w, https:\/\/xvii.ciaem-iacme.org\/wp-content\/uploads\/2026\/07\/20260415-ponencias-abiertas-imagen-768x516.jpg 768w, https:\/\/xvii.ciaem-iacme.org\/wp-content\/uploads\/2026\/07\/20260415-ponencias-abiertas-imagen.jpg 1168w\" sizes=\"auto, (max-width: 1024px) 100vw, 1024px\" \/><\/figure>\n","protected":false},"excerpt":{"rendered":"<p>El t\u00edtulo de esa mesa plenaria es: Fortalezas, Oportunidades, Desaf\u00edos y Amenazas de la IA generativa en la Educaci\u00f3n Matem\u00e1tica en Am\u00e9rica Latina Es una&hellip;<\/p>\n","protected":false},"author":2,"featured_media":3768,"comment_status":"open","ping_status":"closed","sticky":false,"template":"","format":"standard","meta":{"_customify_content_layout":"","_customify_sidebar":"","_customify_page_header_display":"","_customify_disable_header":"","_customify_disable_header_top":"","_customify_disable_header_main":"","_customify_disable_header_bottom":"","_customify_disable_page_title":"","_customify_disable_content_vertical_padding":"","_customify_disable_footer_top":"","_customify_disable_footer_main":"","_customify_disable_footer_bottom":"","_customify_breadcrumb_display":"","_customify_header_transparent_display":"","footnotes":""},"categories":[4],"tags":[],"class_list":["post-3767","post","type-post","status-publish","format-standard","has-post-thumbnail","hentry","category-informacion-general"],"_links":{"self":[{"href":"https:\/\/xvii.ciaem-iacme.org\/index.php\/wp-json\/wp\/v2\/posts\/3767","targetHints":{"allow":["GET"]}}],"collection":[{"href":"https:\/\/xvii.ciaem-iacme.org\/index.php\/wp-json\/wp\/v2\/posts"}],"about":[{"href":"https:\/\/xvii.ciaem-iacme.org\/index.php\/wp-json\/wp\/v2\/types\/post"}],"author":[{"embeddable":true,"href":"https:\/\/xvii.ciaem-iacme.org\/index.php\/wp-json\/wp\/v2\/users\/2"}],"replies":[{"embeddable":true,"href":"https:\/\/xvii.ciaem-iacme.org\/index.php\/wp-json\/wp\/v2\/comments?post=3767"}],"version-history":[{"count":2,"href":"https:\/\/xvii.ciaem-iacme.org\/index.php\/wp-json\/wp\/v2\/posts\/3767\/revisions"}],"predecessor-version":[{"id":3771,"href":"https:\/\/xvii.ciaem-iacme.org\/index.php\/wp-json\/wp\/v2\/posts\/3767\/revisions\/3771"}],"wp:featuredmedia":[{"embeddable":true,"href":"https:\/\/xvii.ciaem-iacme.org\/index.php\/wp-json\/wp\/v2\/media\/3768"}],"wp:attachment":[{"href":"https:\/\/xvii.ciaem-iacme.org\/index.php\/wp-json\/wp\/v2\/media?parent=3767"}],"wp:term":[{"taxonomy":"category","embeddable":true,"href":"https:\/\/xvii.ciaem-iacme.org\/index.php\/wp-json\/wp\/v2\/categories?post=3767"},{"taxonomy":"post_tag","embeddable":true,"href":"https:\/\/xvii.ciaem-iacme.org\/index.php\/wp-json\/wp\/v2\/tags?post=3767"}],"curies":[{"name":"wp","href":"https:\/\/api.w.org\/{rel}","templated":true}]}}